[{"@context":"https:\/\/schema.org\/","@type":"Article","@id":"https:\/\/www.kofare.cz\/vsadte-na-profesionaly\/#Article","mainEntityOfPage":"https:\/\/www.kofare.cz\/vsadte-na-profesionaly\/","headline":"Vsa\u010fte na profesion\u00e1ly","name":"Vsa\u010fte na profesion\u00e1ly","description":"Ch\u00e1peme, \u017ee V\u00e1\u0161 domov by m\u011bl vyza\u0159ovat Va\u0161\u00ed osobnost a jedine\u010dnou povahu. Necht\u011bjte tak b\u00fdt jako Va\u0161i soused\u00e9 nebo p\u0159\u00edbuzn\u00ed, &hellip; <a class=\"more-link\" href=\"https:\/\/www.kofare.cz\/vsadte-na-profesionaly\/\">More<\/a>","datePublished":"2025-08-17","dateModified":"2025-08-17","author":{"@type":"Person","@id":"https:\/\/www.kofare.cz\/author\/#Person","name":"kofare.cz\n","url":"https:\/\/www.kofare.cz\/author\/","identifier":1,"image":{"@type":"ImageObject","@id":"https:\/\/secure.gravatar.com\/avatar\/6808215d501bdbb001ef3734be3cdad1be23596de78c590ed2ac5868fce74c95?s=96&d=mm&r=g","url":"https:\/\/secure.gravatar.com\/avatar\/6808215d501bdbb001ef3734be3cdad1be23596de78c590ed2ac5868fce74c95?s=96&d=mm&r=g","height":96,"width":96}},"publisher":{"@type":"Organization","name":"kofare.cz","logo":{"@type":"ImageObject","@id":"\/logo.png","url":"\/logo.png","width":600,"height":60}},"url":"https:\/\/www.kofare.cz\/vsadte-na-profesionaly\/","wordCount":162,"articleBody":"Ch\u00e1peme, \u017ee V\u00e1\u0161 domov by m\u011bl vyza\u0159ovat Va\u0161\u00ed osobnost a jedine\u010dnou povahu. Necht\u011bjte tak b\u00fdt jako Va\u0161i soused\u00e9 nebo p\u0159\u00edbuzn\u00ed, kte\u0159\u00ed nakupuj\u00ed levn\u011b v s\u00e9riov\u00fdch v\u00fdrob\u00e1ch n\u00e1bytku. Rozhodn\u011bte se prolomit tuctovou podobnost a vsa\u010fte na kvalitn\u00ed kuchyn\u011b Plze\u0148. Na\u0161e spole\u010dnost zam\u011bstn\u00e1v\u00e1 pouze profesion\u00e1ly a odborn\u00edky, kte\u0159\u00ed V\u00e1m tak budou moci splnit Va\u0161e sny o perfektn\u00edm bydlen\u00ed. Nov\u00e1 prodejna M\u016f\u017eete tak\u00e9 zav\u00edtat do na\u0161\u00ed nov\u011b otev\u0159en\u00e9 prodejny, kterou jsme otev\u0159eli v kv\u011btnu leto\u0161n\u00edho roku a nab\u00edz\u00edme v n\u00ed des\u00e9nov\u00e9 dopl\u0148ky do bytu a interi\u00e9r\u016f. M\u016f\u017eete si zde zakoupit nap\u0159\u00edklad i porcel\u00e1n, keramiku, sklo, vonn\u00e9 sv\u00ed\u010dky nebo prout\u011bn\u00e9 dopl\u0148ky a doladit tak kuchyn\u011b Plze\u0148 do \u00fapln\u00e9 dokonalosti. T\u011b\u0161\u00edme se na Va\u0161i n\u00e1v\u0161t\u011bvu a na budouc\u00ed spolupr\u00e1ci.                                                                                                                                                                                                                                                                                                                                                                                                "},{"@context":"https:\/\/schema.org\/","@type":"BreadcrumbList","itemListElement":[{"@type":"ListItem","position":1,"name":"Vsa\u010fte na profesion\u00e1ly","item":"https:\/\/www.kofare.cz\/vsadte-na-profesionaly\/#breadcrumbitem"}]}]